{"id":2551,"date":"2025-11-22T16:34:44","date_gmt":"2025-11-22T16:34:44","guid":{"rendered":"https:\/\/www.seiburg.de\/?p=2551"},"modified":"2025-11-22T16:34:46","modified_gmt":"2025-11-22T16:34:46","slug":"news-aus-ennepetal-hachenburg","status":"publish","type":"post","link":"http:\/\/www.seiburg.de\/?p=2551","title":{"rendered":"News aus Ennepetal\/Hachenburg"},"content":{"rendered":"\n<p>Beim Seiburger Treffen am 19. bis 21. September in Bad Kissingen hatten wir unter anderem auch f\u00fcr eine neue Kamera in Seiburg gesammelt. Insbesondere durch eine gro\u00dfz\u00fcgige Spende anl\u00e4sslich der Beisetzung von Fridi Karhoff (geb. Tontsch) in H\u00f6he von deutlich \u00fcber 2.000 \u20ac ist es m\u00f6glich, wieder eine Kamera zu beschaffen, die \u2013 wie schon die bisher installierte \u2013 unterschiedliche Blickwinkel auf Seiburg aufnehmen und \u00fcbertragen kann.<\/p>\n\n\n\n<p>Zwischenzeitlich hat Hartmut Boltenburg \u2013 der ja seinerzeit die erste Kamera gespendet hatte \u2013 eine neue Kamera bestellt und wird sie in den n\u00e4chsten Tagen technisch einrichten. Der Austausch der Kamera wird dann voraussichtlich am 15. und\/oder 16. Dezember stattfinden. Hartmut und J\u00fcrgen Ludwig werden dann nach Seiburg reisen und alle Arbeiten vor Ort erledigen. Wenn alles gut geht, sind dann die aktuellen Bilder ab dem 17. Dezember wieder an bekannter Stelle auf der Seite seiburg.de anzuschauen.<\/p>\n\n\n\n<p>Noch einmal ein gro\u00dfes <strong>DANKE<\/strong> an alle, die zum Kauf beigetragen haben.<\/p>\n\n\n\n<p>\u00dcber die Installation werden wir wieder an dieser Stelle berichten.<\/p>\n\n\n\n<p><em>Hartmut Boltenburg, J\u00fcrgen Ludwig<\/em><\/p>\n\n\n\n<p><\/p>\n","protected":false},"excerpt":{"rendered":"<p>Beim Seiburger Treffen am 19. bis 21. September in Bad Kissingen hatten wir unter anderem auch f\u00fcr eine neue Kamera in Seiburg gesammelt. Insbesondere durch eine gro\u00dfz\u00fcgige Spende anl\u00e4sslich der Beisetzung von Fridi Karhoff (geb. Tontsch) in H\u00f6he von deutlich \u00fcber 2.000 \u20ac ist es m\u00f6glich, wieder eine Kamera zu beschaffen, die \u2013 wie schon [&hellip;]<\/p>\n","protected":false},"author":2,"featured_media":0,"comment_status":"closed","ping_status":"closed","sticky":false,"template":"","format":"standard","meta":{"footnotes":""},"categories":[1],"tags":[],"class_list":["post-2551","post","type-post","status-publish","format-standard","hentry","category-allgemein"],"_links":{"self":[{"href":"http:\/\/www.seiburg.de\/index.php?rest_route=\/wp\/v2\/posts\/2551","targetHints":{"allow":["GET"]}}],"collection":[{"href":"http:\/\/www.seiburg.de\/index.php?rest_route=\/wp\/v2\/posts"}],"about":[{"href":"http:\/\/www.seiburg.de\/index.php?rest_route=\/wp\/v2\/types\/post"}],"author":[{"embeddable":true,"href":"http:\/\/www.seiburg.de\/index.php?rest_route=\/wp\/v2\/users\/2"}],"replies":[{"embeddable":true,"href":"http:\/\/www.seiburg.de\/index.php?rest_route=%2Fwp%2Fv2%2Fcomments&post=2551"}],"version-history":[{"count":1,"href":"http:\/\/www.seiburg.de\/index.php?rest_route=\/wp\/v2\/posts\/2551\/revisions"}],"predecessor-version":[{"id":2552,"href":"http:\/\/www.seiburg.de\/index.php?rest_route=\/wp\/v2\/posts\/2551\/revisions\/2552"}],"wp:attachment":[{"href":"http:\/\/www.seiburg.de\/index.php?rest_route=%2Fwp%2Fv2%2Fmedia&parent=2551"}],"wp:term":[{"taxonomy":"category","embeddable":true,"href":"http:\/\/www.seiburg.de\/index.php?rest_route=%2Fwp%2Fv2%2Fcategories&post=2551"},{"taxonomy":"post_tag","embeddable":true,"href":"http:\/\/www.seiburg.de\/index.php?rest_route=%2Fwp%2Fv2%2Ftags&post=2551"}],"curies":[{"name":"wp","href":"https:\/\/api.w.org\/{rel}","templated":true}]}}