{"id":605,"date":"2006-11-30T12:00:03","date_gmt":"2006-11-30T12:00:03","guid":{"rendered":"http:\/\/www.seiburg.de\/wp\/?p=605"},"modified":"2015-01-01T11:23:00","modified_gmt":"2015-01-01T11:23:00","slug":"goldenen-hochzeit-anna-und-martin-depner","status":"publish","type":"post","link":"http:\/\/www.seiburg.de\/?p=605","title":{"rendered":"Goldene Hochzeit Anna und Martin Depner"},"content":{"rendered":"<p>Im November durfte ich an der Goldenen Hochzeitsfeier meiner Enni-G\u00fcd und meines Mitz-Pot teilnehmen. Hiermit m\u00f6chte ich nochmal Danke sagen. Es war eine sehr sch\u00f6ne Feier, die eure Kinder f\u00fcr euch organisiert haben. Alle Verwandten und Freunde haben sich sehr wohl gef\u00fchlt und haben gerne mit euch bis in die fr\u00fchen Morgenstunden gefeiert.<\/p>\n<p>Es gratuliert nochmal recht herzlich und w\u00fcnscht alles Gute<\/p>\n<p><i>Brigitte Opatzki<\/i><\/p>\n<p><a href=\"http:\/\/www.seiburg.de\/wp\/wp-content\/uploads\/2014\/12\/GoldeneHochzeitDepner2.jpg\"><img loading=\"lazy\" decoding=\"async\" class=\"alignnone size-full wp-image-370\" src=\"http:\/\/www.seiburg.de\/wp\/wp-content\/uploads\/2014\/12\/GoldeneHochzeitDepner2.jpg\" alt=\"GoldeneHochzeitDepner2\" width=\"640\" height=\"480\" srcset=\"http:\/\/www.seiburg.de\/wp\/wp-content\/uploads\/2014\/12\/GoldeneHochzeitDepner2.jpg 640w, http:\/\/www.seiburg.de\/wp\/wp-content\/uploads\/2014\/12\/GoldeneHochzeitDepner2-300x225.jpg 300w, http:\/\/www.seiburg.de\/wp\/wp-content\/uploads\/2014\/12\/GoldeneHochzeitDepner2-160x120.jpg 160w\" sizes=\"auto, (max-width: 640px) 100vw, 640px\" \/><\/a><\/p>\n<p><a href=\"http:\/\/www.seiburg.de\/wp\/wp-content\/uploads\/2014\/12\/GoldeneHochzeitDepner1.jpg\"><img loading=\"lazy\" decoding=\"async\" class=\"alignnone size-full wp-image-369\" src=\"http:\/\/www.seiburg.de\/wp\/wp-content\/uploads\/2014\/12\/GoldeneHochzeitDepner1.jpg\" alt=\"GoldeneHochzeitDepner1\" width=\"640\" height=\"480\" srcset=\"http:\/\/www.seiburg.de\/wp\/wp-content\/uploads\/2014\/12\/GoldeneHochzeitDepner1.jpg 640w, http:\/\/www.seiburg.de\/wp\/wp-content\/uploads\/2014\/12\/GoldeneHochzeitDepner1-300x225.jpg 300w, http:\/\/www.seiburg.de\/wp\/wp-content\/uploads\/2014\/12\/GoldeneHochzeitDepner1-160x120.jpg 160w\" sizes=\"auto, (max-width: 640px) 100vw, 640px\" \/><\/a><\/p>\n","protected":false},"excerpt":{"rendered":"<p>Im November durfte ich an der Goldenen Hochzeitsfeier meiner Enni-G\u00fcd und meines Mitz-Pot teilnehmen. Hiermit m\u00f6chte ich nochmal Danke sagen. Es war eine sehr sch\u00f6ne Feier, die eure Kinder f\u00fcr euch organisiert haben. Alle Verwandten und Freunde haben sich sehr wohl gef\u00fchlt und haben gerne mit euch bis in die fr\u00fchen Morgenstunden gefeiert. Es gratuliert [&hellip;]<\/p>\n","protected":false},"author":2,"featured_media":0,"comment_status":"closed","ping_status":"closed","sticky":false,"template":"","format":"standard","meta":{"footnotes":""},"categories":[4],"tags":[],"class_list":["post-605","post","type-post","status-publish","format-standard","hentry","category-nachricht"],"_links":{"self":[{"href":"http:\/\/www.seiburg.de\/index.php?rest_route=\/wp\/v2\/posts\/605","targetHints":{"allow":["GET"]}}],"collection":[{"href":"http:\/\/www.seiburg.de\/index.php?rest_route=\/wp\/v2\/posts"}],"about":[{"href":"http:\/\/www.seiburg.de\/index.php?rest_route=\/wp\/v2\/types\/post"}],"author":[{"embeddable":true,"href":"http:\/\/www.seiburg.de\/index.php?rest_route=\/wp\/v2\/users\/2"}],"replies":[{"embeddable":true,"href":"http:\/\/www.seiburg.de\/index.php?rest_route=%2Fwp%2Fv2%2Fcomments&post=605"}],"version-history":[{"count":3,"href":"http:\/\/www.seiburg.de\/index.php?rest_route=\/wp\/v2\/posts\/605\/revisions"}],"predecessor-version":[{"id":616,"href":"http:\/\/www.seiburg.de\/index.php?rest_route=\/wp\/v2\/posts\/605\/revisions\/616"}],"wp:attachment":[{"href":"http:\/\/www.seiburg.de\/index.php?rest_route=%2Fwp%2Fv2%2Fmedia&parent=605"}],"wp:term":[{"taxonomy":"category","embeddable":true,"href":"http:\/\/www.seiburg.de\/index.php?rest_route=%2Fwp%2Fv2%2Fcategories&post=605"},{"taxonomy":"post_tag","embeddable":true,"href":"http:\/\/www.seiburg.de\/index.php?rest_route=%2Fwp%2Fv2%2Ftags&post=605"}],"curies":[{"name":"wp","href":"https:\/\/api.w.org\/{rel}","templated":true}]}}