{"id":928,"date":"2010-10-25T12:00:35","date_gmt":"2010-10-25T12:00:35","guid":{"rendered":"http:\/\/www.seiburg.de\/wp\/?p=928"},"modified":"2015-05-25T18:30:46","modified_gmt":"2015-05-25T18:30:46","slug":"reisebericht-aus-seiburg-von-julia-juergens","status":"publish","type":"post","link":"http:\/\/www.seiburg.de\/?p=928","title":{"rendered":"Reisebericht aus Seiburg von Julia J\u00fcrgens, Oktober 2010"},"content":{"rendered":"<p>Julia J\u00fcrgens hat\u00a0von 2008-2010 in Siebenb\u00fcrgen, Rum\u00e4nien gelebt. In dieser Zeit erstellt sich eine Sammlung der Traditionen und Br\u00e4uche der Siebenb\u00fcrger Sachsen, die sie auf der Webseite &#8222;<a href=\"http:\/\/traditionen.evang.ro\/fe\/location\/view\/30\">Ethnographische Sammlung Siebenb\u00fcrgen<\/a>&#8220;\u00a0dokumentiert. Dazu war\u00a0sie\u00a0in D\u00f6rfern rund um Hermannstadt\/ Sibiu, Mediasch\/ Media\u0219, Sch\u00e4\u00dfburg\/ Sighi\u0219oara und Kronstadt\/ Bra\u0219ov unterwegs. Auch zu Seiburger Traditionen gibt es dort einige Beitr\u00e4ge.<\/p>\n<p>Im Oktober 2015 trifft sie sich in Seiburg mit Martin\u00a0Albrich (Lis\u00e5 Miz) \u00a0einem der letzten in Seiburg verbliebenen Siebenb\u00fcrger. In ihrem <a href=\"https:\/\/euroromania.wordpress.com\/2010\/10\/15\/164\/\">Reiseblog hat sie diesen Besuch beschrieben<\/a>.<\/p>\n<p><img loading=\"lazy\" decoding=\"async\" class=\" aligncenter\" src=\"https:\/\/euroromania.files.wordpress.com\/2010\/10\/jib11.jpg?w=640\" alt=\"Martin Albrich im Pfarrhaus von Seiburg\" width=\"355\" height=\"473\" \/><\/p>\n","protected":false},"excerpt":{"rendered":"<p>Julia J\u00fcrgens hat\u00a0von 2008-2010 in Siebenb\u00fcrgen, Rum\u00e4nien gelebt. In dieser Zeit erstellt sich eine Sammlung der Traditionen und Br\u00e4uche der Siebenb\u00fcrger Sachsen, die sie auf der Webseite &#8222;Ethnographische Sammlung Siebenb\u00fcrgen&#8220;\u00a0dokumentiert. Dazu war\u00a0sie\u00a0in D\u00f6rfern rund um Hermannstadt\/ Sibiu, Mediasch\/ Media\u0219, Sch\u00e4\u00dfburg\/ Sighi\u0219oara und Kronstadt\/ Bra\u0219ov unterwegs. Auch zu Seiburger Traditionen gibt es dort einige Beitr\u00e4ge. Im [&hellip;]<\/p>\n","protected":false},"author":2,"featured_media":0,"comment_status":"closed","ping_status":"closed","sticky":false,"template":"","format":"standard","meta":{"footnotes":""},"categories":[4],"tags":[],"class_list":["post-928","post","type-post","status-publish","format-standard","hentry","category-nachricht"],"_links":{"self":[{"href":"http:\/\/www.seiburg.de\/index.php?rest_route=\/wp\/v2\/posts\/928","targetHints":{"allow":["GET"]}}],"collection":[{"href":"http:\/\/www.seiburg.de\/index.php?rest_route=\/wp\/v2\/posts"}],"about":[{"href":"http:\/\/www.seiburg.de\/index.php?rest_route=\/wp\/v2\/types\/post"}],"author":[{"embeddable":true,"href":"http:\/\/www.seiburg.de\/index.php?rest_route=\/wp\/v2\/users\/2"}],"replies":[{"embeddable":true,"href":"http:\/\/www.seiburg.de\/index.php?rest_route=%2Fwp%2Fv2%2Fcomments&post=928"}],"version-history":[{"count":5,"href":"http:\/\/www.seiburg.de\/index.php?rest_route=\/wp\/v2\/posts\/928\/revisions"}],"predecessor-version":[{"id":934,"href":"http:\/\/www.seiburg.de\/index.php?rest_route=\/wp\/v2\/posts\/928\/revisions\/934"}],"wp:attachment":[{"href":"http:\/\/www.seiburg.de\/index.php?rest_route=%2Fwp%2Fv2%2Fmedia&parent=928"}],"wp:term":[{"taxonomy":"category","embeddable":true,"href":"http:\/\/www.seiburg.de\/index.php?rest_route=%2Fwp%2Fv2%2Fcategories&post=928"},{"taxonomy":"post_tag","embeddable":true,"href":"http:\/\/www.seiburg.de\/index.php?rest_route=%2Fwp%2Fv2%2Ftags&post=928"}],"curies":[{"name":"wp","href":"https:\/\/api.w.org\/{rel}","templated":true}]}}