{"id":1120,"date":"2015-06-22T17:23:55","date_gmt":"2015-06-22T17:23:55","guid":{"rendered":"http:\/\/www.seiburg.de\/wp\/?p=1120"},"modified":"2015-06-23T20:51:48","modified_gmt":"2015-06-23T20:51:48","slug":"12-seiburger-treffen-2015","status":"publish","type":"post","link":"https:\/\/www.seiburg.de\/?p=1120","title":{"rendered":"12. Seiburger Treffen 2015"},"content":{"rendered":"<p>F\u00fcr alle Ungeduldigen gibt es hier schon mal die Gruppenbilder des 12. Seiburger Treffens. In den n\u00e4chsten Tagen gibt&#8217;s dann mehr, sp\u00e4testens am n\u00e4chsten Wochenende. Es war wieder so sch\u00f6n :).<\/p>\n<p><a href=\"http:\/\/www.seiburg.de\/wp\/wp-content\/uploads\/2015\/06\/GruppenbildSeiburgerTreffen20152.jpg\"><img loading=\"lazy\" decoding=\"async\" class=\"aligncenter  wp-image-1132\" src=\"http:\/\/www.seiburg.de\/wp\/wp-content\/uploads\/2015\/06\/GruppenbildSeiburgerTreffen20152.jpg\" alt=\"GruppenbildSeiburgerTreffen2015\" width=\"1322\" height=\"568\" srcset=\"https:\/\/www.seiburg.de\/wp\/wp-content\/uploads\/2015\/06\/GruppenbildSeiburgerTreffen20152.jpg 2048w, https:\/\/www.seiburg.de\/wp\/wp-content\/uploads\/2015\/06\/GruppenbildSeiburgerTreffen20152-300x129.jpg 300w, https:\/\/www.seiburg.de\/wp\/wp-content\/uploads\/2015\/06\/GruppenbildSeiburgerTreffen20152-1024x440.jpg 1024w\" sizes=\"auto, (max-width: 1322px) 100vw, 1322px\" \/><\/a><\/p>\n<p style=\"text-align: center;\"><em>Klickt auf&#8217;s Bild, dann k\u00f6nnt ihr es gr\u00f6\u00dfer betrachten<\/em><\/p>\n<p style=\"text-align: center;\"><a href=\"http:\/\/www.seiburg.de\/wp\/wp-content\/uploads\/2015\/06\/GruppenbildTrachtSeiburgerTreffen2015.jpg\"><img loading=\"lazy\" decoding=\"async\" class=\"aligncenter  wp-image-1128\" src=\"http:\/\/www.seiburg.de\/wp\/wp-content\/uploads\/2015\/06\/GruppenbildTrachtSeiburgerTreffen2015.jpg\" alt=\"GruppenbildTrachtSeiburgerTreffen2015\" width=\"1098\" height=\"923\" srcset=\"https:\/\/www.seiburg.de\/wp\/wp-content\/uploads\/2015\/06\/GruppenbildTrachtSeiburgerTreffen2015.jpg 1024w, https:\/\/www.seiburg.de\/wp\/wp-content\/uploads\/2015\/06\/GruppenbildTrachtSeiburgerTreffen2015-300x252.jpg 300w\" sizes=\"auto, (max-width: 1098px) 100vw, 1098px\" \/><\/a><\/p>\n","protected":false},"excerpt":{"rendered":"<p>F\u00fcr alle Ungeduldigen gibt es hier schon mal die Gruppenbilder des 12. Seiburger Treffens. In den n\u00e4chsten Tagen gibt&#8217;s dann mehr, sp\u00e4testens am n\u00e4chsten Wochenende. Es war wieder so sch\u00f6n :). Klickt auf&#8217;s Bild, dann k\u00f6nnt ihr es gr\u00f6\u00dfer betrachten<\/p>\n","protected":false},"author":2,"featured_media":0,"comment_status":"closed","ping_status":"closed","sticky":false,"template":"","format":"standard","meta":{"footnotes":""},"categories":[4],"tags":[],"class_list":["post-1120","post","type-post","status-publish","format-standard","hentry","category-nachricht"],"_links":{"self":[{"href":"https:\/\/www.seiburg.de\/index.php?rest_route=\/wp\/v2\/posts\/1120","targetHints":{"allow":["GET"]}}],"collection":[{"href":"https:\/\/www.seiburg.de\/index.php?rest_route=\/wp\/v2\/posts"}],"about":[{"href":"https:\/\/www.seiburg.de\/index.php?rest_route=\/wp\/v2\/types\/post"}],"author":[{"embeddable":true,"href":"https:\/\/www.seiburg.de\/index.php?rest_route=\/wp\/v2\/users\/2"}],"replies":[{"embeddable":true,"href":"https:\/\/www.seiburg.de\/index.php?rest_route=%2Fwp%2Fv2%2Fcomments&post=1120"}],"version-history":[{"count":9,"href":"https:\/\/www.seiburg.de\/index.php?rest_route=\/wp\/v2\/posts\/1120\/revisions"}],"predecessor-version":[{"id":1209,"href":"https:\/\/www.seiburg.de\/index.php?rest_route=\/wp\/v2\/posts\/1120\/revisions\/1209"}],"wp:attachment":[{"href":"https:\/\/www.seiburg.de\/index.php?rest_route=%2Fwp%2Fv2%2Fmedia&parent=1120"}],"wp:term":[{"taxonomy":"category","embeddable":true,"href":"https:\/\/www.seiburg.de\/index.php?rest_route=%2Fwp%2Fv2%2Fcategories&post=1120"},{"taxonomy":"post_tag","embeddable":true,"href":"https:\/\/www.seiburg.de\/index.php?rest_route=%2Fwp%2Fv2%2Ftags&post=1120"}],"curies":[{"name":"wp","href":"https:\/\/api.w.org\/{rel}","templated":true}]}}